{"id":2260,"date":"2016-10-18T10:36:09","date_gmt":"2016-10-18T10:36:09","guid":{"rendered":"http:\/\/www.hyperpac.de\/?p=2260"},"modified":"2016-10-18T14:36:59","modified_gmt":"2016-10-18T12:36:59","slug":"wie-mitarbeiter-die-deutsche-bahn-sehen","status":"publish","type":"post","link":"https:\/\/www.hyperpac.de\/?p=2260","title":{"rendered":"Wie Mitarbeiter die Deutsche Bahn sehen"},"content":{"rendered":"<p><em>(only in german &#8211; sorry)<\/em><\/p>\n<p><a href=\"http:\/\/www.zeit.de\/2016\/41\/deutsche-bahn-verspaetung-wagenreihungen-mysterien\/komplettansicht\" target=\"_blank\">Zeit Online hat einen interessanten Artikel<\/a> gebracht, wie Mitarbeiter die Deutsche Bahn sehen.<\/p>\n<p>Mir pers\u00f6nlich fehlt der Aspekt, welche Rolle eigentlich die Politik &#8211; und das ist keine Kleine &#8211; bei den Problemen der Bahn spielt. Auch wenn der Fokus des Artikels auf der Mitarbeitersicht liegt (und das ist gut so), wird zumindestens kurz die Verantwortung des Managements erw\u00e4hnt. Eine mindestens gleichwertige Erw\u00e4hnung der politisch Verantwortlichen h\u00e4tte nicht geschadet.<\/p>\n<p>Trotzdem &#8211; lesenswert !<\/p>\n","protected":false},"excerpt":{"rendered":"<p>(only in german &#8211; sorry) Zeit Online hat einen interessanten Artikel gebracht, wie Mitarbeiter die Deutsche Bahn sehen. Mir pers\u00f6nlich fehlt der Aspekt, welche Rolle eigentlich die Politik &#8211; und das ist keine Kleine &#8211; bei den Problemen der Bahn spielt. Auch wenn der Fokus des Artikels auf der Mitarbeitersicht liegt (und das ist gut &hellip; <a href=\"https:\/\/www.hyperpac.de\/?p=2260\" class=\"more-link\">Continue reading <span class=\"screen-reader-text\">Wie Mitarbeiter die Deutsche Bahn sehen<\/span><\/a><\/p>\n","protected":false},"author":2,"featured_media":0,"comment_status":"open","ping_status":"open","sticky":false,"template":"","format":"standard","meta":{"footnotes":""},"categories":[842],"tags":[654,46,1191],"class_list":["post-2260","post","type-post","status-publish","format-standard","hentry","category-bahn-2","tag-bahn","tag-deutsche-bahn","tag-zeit-online"],"_links":{"self":[{"href":"https:\/\/www.hyperpac.de\/index.php?rest_route=\/wp\/v2\/posts\/2260","targetHints":{"allow":["GET"]}}],"collection":[{"href":"https:\/\/www.hyperpac.de\/index.php?rest_route=\/wp\/v2\/posts"}],"about":[{"href":"https:\/\/www.hyperpac.de\/index.php?rest_route=\/wp\/v2\/types\/post"}],"author":[{"embeddable":true,"href":"https:\/\/www.hyperpac.de\/index.php?rest_route=\/wp\/v2\/users\/2"}],"replies":[{"embeddable":true,"href":"https:\/\/www.hyperpac.de\/index.php?rest_route=%2Fwp%2Fv2%2Fcomments&post=2260"}],"version-history":[{"count":2,"href":"https:\/\/www.hyperpac.de\/index.php?rest_route=\/wp\/v2\/posts\/2260\/revisions"}],"predecessor-version":[{"id":2262,"href":"https:\/\/www.hyperpac.de\/index.php?rest_route=\/wp\/v2\/posts\/2260\/revisions\/2262"}],"wp:attachment":[{"href":"https:\/\/www.hyperpac.de\/index.php?rest_route=%2Fwp%2Fv2%2Fmedia&parent=2260"}],"wp:term":[{"taxonomy":"category","embeddable":true,"href":"https:\/\/www.hyperpac.de\/index.php?rest_route=%2Fwp%2Fv2%2Fcategories&post=2260"},{"taxonomy":"post_tag","embeddable":true,"href":"https:\/\/www.hyperpac.de\/index.php?rest_route=%2Fwp%2Fv2%2Ftags&post=2260"}],"curies":[{"name":"wp","href":"https:\/\/api.w.org\/{rel}","templated":true}]}}